{"id":29086,"title":"Concerts under the starry sky begin at the Bundek Summer Stage!","excerpt":"From this Thursday, refresh your summer with concerts at Bundek!","content":"<p style=\"text-align: left;\"> Summer stage Bundek from this Thursday 9.7. becomes a place for musical refreshment by the lake and selected concerts in a unique ambience! <\/p><h3 style=\"text-align: left;\"> Thursday 9.7. <\/h3><p style=\"text-align: left;\"> This Thursday 9.7. The Bundek Summer Stage opens with a concert by the Croatian Radio and Television Tamburitza Orchestra conducted by Sini\u0161a Leopold, with guests, soprano Barbara Suhodol\u010dan and the Gubec Quartet in the program &quot;with a Zagreb flair&quot; of the always popular Zagreb and Zagorje songs. <\/p><h3 style=\"text-align: left;\"> Friday 10.7. <\/h3><p style=\"text-align: left;\"> A day later, on Friday 10.7. The Zagreb Philharmonic Orchestra under the direction of maestro Miran Vaupoti\u0107 arrives on the Bundek Summer Stage with a program of the greatest hits of classical music - at a concert dedicated to <a href=\"https:\/\/divan.fyi\/teslafriends-manifestacija\/\" target=\"_blank\" rel=\"noopener noreferrer\">Nikola Tesla<\/a> . <\/p><p> <a href=\"https:\/\/divan.fyi\/wp-content\/uploads\/2020\/07\/zagrebacka_filharmonija.jpg\"><img loading=\"lazy\" class=\"alignnone size-full wp-image-27663\" src=\"https:\/\/divan.fyi\/wp-content\/uploads\/2020\/07\/zagrebacka_filharmonija.jpg\" alt=\"Zagreb Philharmonic\" width=\"1200\" height=\"801\" srcset=\"https:\/\/divan.fyi\/wp-content\/uploads\/2020\/07\/zagrebacka_filharmonija.jpg 1200w, https:\/\/divan.fyi\/wp-content\/uploads\/2020\/07\/zagrebacka_filharmonija-300x200.jpg 300w, https:\/\/divan.fyi\/wp-content\/uploads\/2020\/07\/zagrebacka_filharmonija-768x513.jpg 768w, https:\/\/divan.fyi\/wp-content\/uploads\/2020\/07\/zagrebacka_filharmonija-1024x684.jpg 1024w\" sizes=\"(max-width: 1200px) 100vw, 1200px\" \/><\/a> <\/p><h3 style=\"text-align: left;\"> Saturday 11.7. <\/h3><p style=\"text-align: left;\"> On Saturday 11.7. followed by the &quot;favorites&quot; of the audience at Bundek, members of Opera bb Zagreb under the direction of maestro Darijan Ivezi\u0107 and perform a program of popular operetta numbers from Countess Marica, through Bats to the Merry Widow. <\/p><h3 style=\"text-align: left;\"> Sunday 12.7. <\/h3><p style=\"text-align: left;\"> Sunday 12.7. is reserved for III. meeting of wind orchestras organized by the Zagreb ZET Orchestra. <\/p><h3 style=\"text-align: left;\"> Monday 13.7. <\/h3><p style=\"text-align: left;\"> Monday 13.7. it is reserved for the famous operetta The Merry Widow by Franz Leh\u00e1r performed by Opera bb, directed by Branka Cvitkovi\u0107 and Dinko Bogdani\u0107 and conducted by Darijan Ivezi\u0107. <\/p><h3 style=\"text-align: left;\"> Tuesday 14.7. <\/h3><p style=\"text-align: left;\"> On Tuesday 14.7. the stage of Lake Bundek will be dominated by the always attractive Ivana Gali\u0107 in one of her projects called SoulBeat, which combines rhythm (led by Senegalese percussionist Commie Balde and beatboxer and imaginative jazz vocals and scato Zoran Puljek) with the powerful soul vocals of Ivana Gali\u0107. <\/p><p><iframe width=\"640\" height=\"360\" src=\"https:\/\/www.youtube.com\/embed\/m-MGRyK-_UY?feature=oembed\" frameborder=\"0\" allow=\"accelerometer; autoplay; encrypted-media; gyroscope; picture-in-picture\" allowfullscreen><\/iframe><\/p><h3 style=\"text-align: left;\"> Wednesday 15.7. <\/h3><p style=\"text-align: left;\"> On Wednesday 15.7. Two programs await us, at 20:00 Ethno Croatia, a multi-year project of the Croatian Music Youth in which young people exchange knowledge and experiences about traditional music, while at 21:00 follows a salsa band Filosofia composed of top salsa musicians from Croatia, Slovenia and Cuba . <\/p><h3 style=\"text-align: left;\"> Thursday 16.7. <\/h3><p style=\"text-align: left;\"> Concerts on July 15, as well as the concert on Thursday, July 16. were organized in cooperation with the Croatian Music Youth, and on the last day of the event we will have an jazz evening and an interesting band Graz-Zagreb Connection, composed of successful young jazz musicians who are connected by studying at the prestigious Jazz Academy in Graz. <\/p><h3 style=\"text-align: left;\"> The Bundek Summer Stage offers all programs for free <\/h3><p style=\"text-align: left;\"> <a href=\"https:\/\/divan.fyi\/event\/ljetna-pozornica-bundek\/\" target=\"_blank\" rel=\"noopener noreferrer\">Concerts begin at 9 p.m.<\/a> Admission to all programs is free, but will be controlled and limited in accordance with current <a href=\"https:\/\/zdravlje.gov.hr\/koronavirus-i-mjere-prevencije\/4952\" target=\"_blank\" rel=\"noopener noreferrer\">epidemiological measures<\/a> . For the same reasons, the number of seats will be limited. <\/p><p style=\"text-align: left;\"> Refresh your summer with concerts on the lake - See you at Bundek! <\/p><p> <a href=\"https:\/\/divan.fyi\/wp-content\/uploads\/2020\/07\/BUNDEK_program.jpg\"><img loading=\"lazy\" class=\"alignnone size-full wp-image-27660\" src=\"https:\/\/divan.fyi\/wp-content\/uploads\/2020\/07\/BUNDEK_program.jpg\" alt=\"Summer stage Bundek program\" width=\"801\" height=\"1122\" srcset=\"https:\/\/divan.fyi\/wp-content\/uploads\/2020\/07\/BUNDEK_program.jpg 801w, https:\/\/divan.fyi\/wp-content\/uploads\/2020\/07\/BUNDEK_program-214x300.jpg 214w, https:\/\/divan.fyi\/wp-content\/uploads\/2020\/07\/BUNDEK_program-768x1076.jpg 768w, https:\/\/divan.fyi\/wp-content\/uploads\/2020\/07\/BUNDEK_program-731x1024.jpg 731w, https:\/\/divan.fyi\/wp-content\/uploads\/2020\/07\/BUNDEK_program-250x350.jpg 250w\" sizes=\"(max-width: 801px) 100vw, 801px\" \/><\/a> <\/p>","post_date":"2020-07-08 17:07:30","post_modified":"2020-08-24 13:42:04","featured_image":"https:\/\/divan.fyi\/wp-content\/uploads\/2019\/07\/ljetna-pozornica-bundek.jpg","post_author":"Matina Ten\u017eera","categories":[{"name":"Concerts","slug":"concerts-en"},{"name":"Divanfiling","slug":"divanfiling-en"}]}